{"id":2364,"date":"2016-01-24T15:52:40","date_gmt":"2016-01-24T14:52:40","guid":{"rendered":"http:\/\/dc.con123.ch\/?p=2364"},"modified":"2016-01-24T15:52:40","modified_gmt":"2016-01-24T14:52:40","slug":"januar-news-4","status":"publish","type":"post","link":"https:\/\/dunschtigclub.con123.ch\/?p=2364","title":{"rendered":"Januar News 4"},"content":{"rendered":"<div style=\"text-align: center;\">\n<div style=\"text-align: center;\">\n<p><a href=\"https:\/\/dunschtigclub.con123.ch\/wp-content\/uploads\/2016\/01\/Skifahren.gif\"><img loading=\"lazy\" decoding=\"async\" class=\"aligncenter size-full wp-image-2375\" title=\"Skifahren\" src=\"https:\/\/dunschtigclub.con123.ch\/wp-content\/uploads\/2016\/01\/Skifahren.gif\" alt=\"\" width=\"225\" height=\"162\" \/><br \/>\n<\/a>Wir gehen am\u00a0<strong>19.\/20. M\u00e4rz<\/strong> in die\u00a0<strong>Skiarena Flims-Laax-Falera<\/strong>.<\/p>\n<p>Am Samstag, 19. M\u00e4rz treffen wir uns um\u00a0<strong>7 Uhr beim Parkplatz &#8222;Wegarten&#8220;<br \/>\n<\/strong>und fahren mit einigen Privatautos gemeinsam Richtung B\u00fcndnerland. Nach einer gem\u00fctlichen Kaffee-Pause geht es dann<\/p>\n<\/div>\n<div style=\"text-align: center;\">\n<p>direkt auf die Skipiste &#8211; sch\u00f6nes Wetter habe ich schon vorgebucht;-)))<\/p>\n<\/div>\n<\/div>\n<div style=\"text-align: center;\">Wir \u00fcbernachten im\u00a0<strong>Hotel La Siala Falera (2er Zimmer mit Bad\/Dusche)<\/strong>.<\/div>\n<div style=\"text-align: center;\">Im\u00a0<strong>Restaurant Casa Seeli<\/strong><\/div>\n<div style=\"text-align: center;\"><span style=\"text-decoration: underline;\"><strong> <\/strong><\/span><br \/>\nwird uns ein feines Abendessen serviert und anschliessend k\u00f6nnen<br \/>\nwir einige gem\u00fctliche Stunden unter Freunden geniessen.&nbsp;<\/p>\n<p>Nach einem w\u00e4hrschaften Morgenessen geht es am Sonntag wieder auf die &#8222;weisse Schneearena&#8220;<br \/>\nund je nach Verkehr werden wir zirka um 18 Uhr zu Hause in &#8222;M\u00e4ttmi&#8220; ankommen.<\/p>\n<p>&nbsp;<\/p>\n<p><span style=\"color: #0000ff;\">Anmeldung im Mitgliederbereich unter Doodle oder das eMail von Christian Gut<\/span><\/p>\n<\/div>\n","protected":false},"excerpt":{"rendered":"<p>Wir gehen am\u00a019.\/20. M\u00e4rz in die\u00a0Skiarena Flims-Laax-Falera. Am Samstag, 19. M\u00e4rz treffen wir uns um\u00a07 Uhr beim Parkplatz &#8222;Wegarten&#8220; und fahren mit einigen Privatautos gemeinsam Richtung B\u00fcndnerland. Nach einer gem\u00fctlichen Kaffee-Pause geht es dann direkt auf die Skipiste &#8211; sch\u00f6nes Wetter habe ich schon vorgebucht;-))) Wir \u00fcbernachten im\u00a0Hotel La Siala Falera (2er Zimmer mit Bad\/Dusche). [&hellip;]<\/p>\n","protected":false},"author":2,"featured_media":0,"comment_status":"closed","ping_status":"closed","sticky":false,"template":"","format":"standard","meta":{"ngg_post_thumbnail":0,"footnotes":""},"categories":[1],"tags":[],"class_list":["post-2364","post","type-post","status-publish","format-standard","hentry","category-uncategorized"],"_links":{"self":[{"href":"https:\/\/dunschtigclub.con123.ch\/index.php?rest_route=\/wp\/v2\/posts\/2364","targetHints":{"allow":["GET"]}}],"collection":[{"href":"https:\/\/dunschtigclub.con123.ch\/index.php?rest_route=\/wp\/v2\/posts"}],"about":[{"href":"https:\/\/dunschtigclub.con123.ch\/index.php?rest_route=\/wp\/v2\/types\/post"}],"author":[{"embeddable":true,"href":"https:\/\/dunschtigclub.con123.ch\/index.php?rest_route=\/wp\/v2\/users\/2"}],"replies":[{"embeddable":true,"href":"https:\/\/dunschtigclub.con123.ch\/index.php?rest_route=%2Fwp%2Fv2%2Fcomments&post=2364"}],"version-history":[{"count":0,"href":"https:\/\/dunschtigclub.con123.ch\/index.php?rest_route=\/wp\/v2\/posts\/2364\/revisions"}],"wp:attachment":[{"href":"https:\/\/dunschtigclub.con123.ch\/index.php?rest_route=%2Fwp%2Fv2%2Fmedia&parent=2364"}],"wp:term":[{"taxonomy":"category","embeddable":true,"href":"https:\/\/dunschtigclub.con123.ch\/index.php?rest_route=%2Fwp%2Fv2%2Fcategories&post=2364"},{"taxonomy":"post_tag","embeddable":true,"href":"https:\/\/dunschtigclub.con123.ch\/index.php?rest_route=%2Fwp%2Fv2%2Ftags&post=2364"}],"curies":[{"name":"wp","href":"https:\/\/api.w.org\/{rel}","templated":true}]}}